{"id":21591,"date":"2024-10-31T06:28:31","date_gmt":"2024-10-31T05:28:31","guid":{"rendered":"https:\/\/www.appleking.cz\/blog\/?p=21591"},"modified":"2024-10-30T10:39:18","modified_gmt":"2024-10-30T09:39:18","slug":"de-nieuwe-mac-mini-met-m4-en-m4-pro-is-er-hij-zal-verrassen-door-zijn-formaat-maar-ook-door-zijn-prijs","status":"publish","type":"post","link":"https:\/\/www.appleguru.nl\/blog\/de-nieuwe-mac-mini-met-m4-en-m4-pro-is-er-hij-zal-verrassen-door-zijn-formaat-maar-ook-door-zijn-prijs","title":{"rendered":"De nieuwe Mac mini met M4 en M4 Pro is er! Hij zal verrassen door zijn formaat, maar ook door zijn prijs!"},"content":{"rendered":"<p><img decoding=\"async\" class=\"sFlh5c FyHeAf iPVvYb\" src=\"https:\/\/photos5.appleinsider.com\/gallery\/61575-127210-Mac-mini-Announcement---October-29-10-53-screenshot-xl.jpg\" alt=\"Apple releases new M4 Mac mini announcement video\" aria-hidden=\"false\" \/><\/p>\n<p>Terwijl Apple zijn week vol Mac-nieuws voortzet, is het volgende nieuwe product dat wordt onthuld een compleet vernieuwde Mac mini desktopcomputer. Hij heeft een nieuw, compacter ontwerp, maar ook een aanzienlijke prestatieverbetering dankzij de M4- en M4 Pro-processors en twee keer zoveel RAM-geheugen. Maar Mac mini biedt nog veel meer en verrast zelfs met een interessant prijskaartje. Wat heeft Apple&#8217;s&nbsp;kleinste computer te bieden?<\/p>\n<h1><b>Een nieuw, kleiner ontwerp en optimale koeling<\/b><\/h1>\n<p><img decoding=\"async\" class=\"sFlh5c FyHeAf iPVvYb\" src=\"https:\/\/images.macrumors.com\/article-new\/2024\/10\/mac-mini-thermal-architecture.jpg\" alt=\"Apple's Much Smaller M4 Mac Mini Has All-New Thermal Architecture to Maximize Speed\" aria-hidden=\"false\" \/><\/p>\n<p>De nieuwe Mac mini is compact en meet slechts 12,7 x 12,7 cm, ongeveer de helft kleiner dan de vorige generatie. Apple heeft deze afmetingen weten te verkleinen dankzij een nieuw ontwikkelde thermische architectuur die warmte effici\u00ebnt afvoert via ventilatieopeningen aan de onderkant van het apparaat. Dankzij dit compacte ontwerp is Mac Mini een stijlvolle toevoeging aan je werkruimte, zonder dat dit ten koste gaat van de prestaties. Het ontwerp is gebaseerd op de Mac Studio, maar het formaat doet meer denken aan een Apple TV-settopbox.<\/p>\n\n\n<h1><b>Prestaties M4 en M4 Pro<\/b><\/h1>\n<p>De nieuwe Mac Mini is verkrijgbaar met M4- en M4 Pro-chips, waarmee Apple voor het eerst een M4 Pro-processor aan zijn portfolio toevoegt. De M4-chip biedt tot 1,8x snellere CPU-prestaties en 2,2x snellere grafische prestaties dan Mac mini met de M1-chip. De M4 Pro-variant gaat nog een stap verder: deze levert een 14-core CPU met 10 prestatie- en 4 energiebesparende cores, samen met een GPU met maximaal 20 cores. Deze geavanceerde prestaties zijn ideaal voor veeleisende taken zoals 3D-rendering, het werken met motion graphics of het gebruik van plug-ins in Logic Pro, waarbij M4 Pro bijna drie keer zo snel is als M2 Pro.<\/p>\n<p><img decoding=\"async\" class=\"sFlh5c FyHeAf iPVvYb\" src=\"https:\/\/i.iinfo.cz\/images\/96\/apple-1.webp\" alt=\"Apple M4: Nudn\u00fd \u010dip se star\u00fdmi j\u00e1dry z p\u0159edchoz\u00ed generace, nebo v\u00fdkonnostn\u00ed \u0161ampion? - Cnews.cz\" aria-hidden=\"false\" \/><\/p>\n<p>Apple wees ook op de aanzienlijk hogere gamingprestaties. Een Mac mini met de M4 Pro-chip kan dus een interessante optie zijn voor casual gamers. Apple heeft bijvoorbeeld gemeld dat de spelprestaties van de Mac mini in het populaire spel World of Warcraft: The War Within tot 13,3 keer sneller is dan een Mac mini met een M1-chip.<\/p>\n<h1><b>Thunderbolt 5 en andere poorten<\/b><\/h1>\n<p><img decoding=\"async\" class=\"sFlh5c FyHeAf iPVvYb\" src=\"https:\/\/liliputing.com\/wp-content\/uploads\/2024\/10\/mac-mini-m4_06.jpg\" alt=\"The new Mac Mini is a 5&quot; x 5&quot; x 2&quot; computer with up to an M4 Pro chip and optional Thunderbolt 5 - Liliputing\" aria-hidden=\"false\" \/><\/p>\n<p>De nieuwe Thunderbolt 5 op de M4 Pro verdubbelt de doorvoersnelheid van Thunderbolt 4 en maakt overdrachtsnelheden tot 120 Gbps mogelijk. Dit betekent een snellere gegevensoverdracht en de mogelijkheid om meerdere snelle randapparaten aan te sluiten. Aan de voorkant van de Mac Mini vinden we twee USB-C poorten en een koptelefoonaansluiting, terwijl de achterkant drie Thunderbolt-poorten, een HDMI-uitgang en gigabit Ethernet heeft. In navolging van andere Apple computers, heeft de Mac mini de oude USB-A aansluitingen afgeschaft die nog aanwezig waren in de vorige generatie met de M2 chip.<\/p>\n<h1><b>Prijzen en beschikbaarheid<\/b><\/h1>\n<p>De Mac Mini met de M4-chip begint bij \u20ac 599 met 16 GB RAM en 256 GB opslag, met de optie om te configureren tot 32 GB RAM en 2 TB opslag. De M4 Pro-chipvariant begint bij \u20ac 1.399 met 24 GB RAM en 512 GB opslagruimte, en kan worden uitgebreid tot 64 GB RAM en maximaal 8 TB opslagruimte. Een upgrade naar 10 gigabit Ethernet is ook beschikbaar.<\/p>\n<p>Je kunt de Mac mini nu alvast bestellen en hij gaat, net als de iMac M4, op 8 november in de verkoop. Dit nieuwe model bevestigt opnieuw het vermogen van Apple om krachtige apparaten te maken die rekening houden met het milieu: het is de allereerste CO2-neutrale computer van Apple, die tijdens zijn levensduur meer dan 80% minder broeikasgassen uitstoot.<\/p>\n<p><a href=\"https:\/\/www.appleking.cz\/blog\/?attachment_id=21577#main\" rel=\"attachment wp-att-21577\"><img data-attachment-id=\"21577\" data-permalink=\"https:\/\/www.appleking.cz\/blog\/novy-mac-mini-s-cipem-m4-a-m4-pro-je-tady-prekvapi-velikosti-ale-take-cenou\/mac-mini-m4-pro#main\" data-orig-file=\"https:\/\/www.appleguru.nl\/blog\/wp-content\/uploads\/2024\/10\/Mac-mini-M4-Pro.webp\" data-orig-size=\"2048,1080\" data-comments-opened=\"1\" data-image-meta=\"{&quot;aperture&quot;:&quot;0&quot;,&quot;credit&quot;:&quot;&quot;,&quot;camera&quot;:&quot;&quot;,&quot;caption&quot;:&quot;&quot;,&quot;created_timestamp&quot;:&quot;0&quot;,&quot;copyright&quot;:&quot;&quot;,&quot;focal_length&quot;:&quot;0&quot;,&quot;iso&quot;:&quot;0&quot;,&quot;shutter_speed&quot;:&quot;0&quot;,&quot;title&quot;:&quot;&quot;,&quot;orientation&quot;:&quot;0&quot;}\" data-image-title=\"Mac-mini-M4-Pro\" data-image-description=\"\" data-image-caption=\"\" data-medium-file=\"https:\/\/www.appleguru.nl\/blog\/wp-content\/uploads\/2024\/10\/Mac-mini-M4-Pro-300x158.webp\" data-large-file=\"https:\/\/www.appleguru.nl\/blog\/wp-content\/uploads\/2024\/10\/Mac-mini-M4-Pro-1024x540.webp\" decoding=\"async\" loading=\"lazy\" class=\"alignnone size-large wp-image-21577\" src=\"https:\/\/www.appleking.cz\/blog\/wp-content\/uploads\/2024\/10\/Mac-mini-M4-Pro-1024x540.webp\" alt=\"\" width=\"758\" height=\"400\" srcset=\"https:\/\/www.appleguru.nl\/blog\/wp-content\/uploads\/2024\/10\/Mac-mini-M4-Pro-1024x540.webp 1024w, https:\/\/www.appleguru.nl\/blog\/wp-content\/uploads\/2024\/10\/Mac-mini-M4-Pro-300x158.webp 300w, https:\/\/www.appleguru.nl\/blog\/wp-content\/uploads\/2024\/10\/Mac-mini-M4-Pro-768x405.webp 768w, https:\/\/www.appleguru.nl\/blog\/wp-content\/uploads\/2024\/10\/Mac-mini-M4-Pro-1536x810.webp 1536w, https:\/\/www.appleguru.nl\/blog\/wp-content\/uploads\/2024\/10\/Mac-mini-M4-Pro.webp 2048w\" sizes=\"(max-width: 758px) 100vw, 758px\" \/><\/a><\/p>\n<p>De Mac Mini met M4 en M4 Pro belooft dan ook een krachtige en milieuvriendelijke keuze te zijn voor professionele gebruikers en thuisgebruikers die op zoek zijn naar een betrouwbare, compacte computer met geavanceerde functies. Apple heeft het er vaak over dat zijn producten duurder zijn dan die van de concurrentie, maar Mac mini is daar niet \u00e9\u00e9n van. In feite is de nieuwe Mac mini met de M4-processor aantoonbaar de goedkoopste desktopcomputer met dit soort prestaties.<\/p>\n","protected":false},"excerpt":{"rendered":"<p>Terwijl<a class=\"moretag\" href=\"https:\/\/www.appleguru.nl\/blog\/de-nieuwe-mac-mini-met-m4-en-m4-pro-is-er-hij-zal-verrassen-door-zijn-formaat-maar-ook-door-zijn-prijs\" data-id_post=\"21591\"> Pokra\u010dovat ve&nbsp;\u010dten\u00ed&#8230;<\/a><\/p>\n","protected":false},"author":21716,"featured_media":21578,"comment_status":"open","ping_status":"open","sticky":false,"template":"","format":"standard","meta":{"jetpack_post_was_ever_published":false,"jetpack_publicize_message":"","jetpack_is_tweetstorm":false,"jetpack_publicize_feature_enabled":true,"jetpack_social_options":[]},"categories":[3425],"tags":[],"jetpack_publicize_connections":[],"yoast_head":"<!-- This site is optimized with the Yoast SEO plugin v19.11 - https:\/\/yoast.com\/wordpress\/plugins\/seo\/ -->\n<title>De nieuwe Mac mini met M4 en M4 Pro is er! Hij zal verrassen door zijn formaat, maar ook door zijn prijs! - AppleKing Blog<\/title>\n<meta name=\"robots\" content=\"index, follow, max-snippet:-1, max-image-preview:large, max-video-preview:-1\" \/>\n<link rel=\"canonical\" href=\"https:\/\/www.appleguru.nl\/blog\/de-nieuwe-mac-mini-met-m4-en-m4-pro-is-er-hij-zal-verrassen-door-zijn-formaat-maar-ook-door-zijn-prijs\" \/>\n<meta property=\"og:locale\" content=\"cs_CZ\" \/>\n<meta property=\"og:type\" content=\"article\" \/>\n<meta property=\"og:title\" content=\"De nieuwe Mac mini met M4 en M4 Pro is er! Hij zal verrassen door zijn formaat, maar ook door zijn prijs! - AppleKing Blog\" \/>\n<meta property=\"og:description\" content=\"Terwijl Apple zijn week vol Mac-nieuws voortzet, is het volgende nieuwe product dat wordt onthuld een compleet vernieuwde Mac mini desktopcomputer. Hij heeft een nieuw, Pokra\u010dovat ve \u010dten\u00ed...\" \/>\n<meta property=\"og:url\" content=\"https:\/\/www.appleguru.nl\/blog\/de-nieuwe-mac-mini-met-m4-en-m4-pro-is-er-hij-zal-verrassen-door-zijn-formaat-maar-ook-door-zijn-prijs\" \/>\n<meta property=\"og:site_name\" content=\"AppleKing Blog\" \/>\n<meta property=\"article:published_time\" content=\"2024-10-31T05:28:31+00:00\" \/>\n<meta property=\"article:modified_time\" content=\"2024-10-30T09:39:18+00:00\" \/>\n<meta property=\"og:image\" content=\"https:\/\/www.appleking.cz\/blog\/wp-content\/uploads\/2024\/10\/Apple-Mac-mini-M4-Release-01.jpg\" \/>\n\t<meta property=\"og:image:width\" content=\"1540\" \/>\n\t<meta property=\"og:image:height\" content=\"850\" \/>\n\t<meta property=\"og:image:type\" content=\"image\/jpeg\" \/>\n<meta name=\"author\" content=\"Adam \u010euri\u010dek\" \/>\n<meta name=\"twitter:card\" content=\"summary_large_image\" \/>\n<meta name=\"twitter:label1\" content=\"Napsal(a)\" \/>\n\t<meta name=\"twitter:data1\" content=\"Adam \u010euri\u010dek\" \/>\n\t<meta name=\"twitter:label2\" content=\"Odhadovan\u00e1 doba \u010dten\u00ed\" \/>\n\t<meta name=\"twitter:data2\" content=\"5 minut\" \/>\n<script type=\"application\/ld+json\" class=\"yoast-schema-graph\">{\"@context\":\"https:\/\/schema.org\",\"@graph\":[{\"@type\":\"Article\",\"@id\":\"https:\/\/www.appleguru.nl\/blog\/de-nieuwe-mac-mini-met-m4-en-m4-pro-is-er-hij-zal-verrassen-door-zijn-formaat-maar-ook-door-zijn-prijs#article\",\"isPartOf\":{\"@id\":\"https:\/\/www.appleguru.nl\/blog\/de-nieuwe-mac-mini-met-m4-en-m4-pro-is-er-hij-zal-verrassen-door-zijn-formaat-maar-ook-door-zijn-prijs\"},\"author\":{\"name\":\"Adam \u010euri\u010dek\",\"@id\":\"https:\/\/www.appleking.cz\/blog\/#\/schema\/person\/1f528375f4784286be84aacc0b3b5cb7\"},\"headline\":\"De nieuwe Mac mini met M4 en M4 Pro is er! Hij zal verrassen door zijn formaat, maar ook door zijn prijs!\",\"datePublished\":\"2024-10-31T05:28:31+00:00\",\"dateModified\":\"2024-10-30T09:39:18+00:00\",\"mainEntityOfPage\":{\"@id\":\"https:\/\/www.appleguru.nl\/blog\/de-nieuwe-mac-mini-met-m4-en-m4-pro-is-er-hij-zal-verrassen-door-zijn-formaat-maar-ook-door-zijn-prijs\"},\"wordCount\":640,\"commentCount\":0,\"publisher\":{\"@id\":\"https:\/\/www.appleking.cz\/blog\/#organization\"},\"inLanguage\":\"cs\",\"potentialAction\":[{\"@type\":\"CommentAction\",\"name\":\"Comment\",\"target\":[\"https:\/\/www.appleguru.nl\/blog\/de-nieuwe-mac-mini-met-m4-en-m4-pro-is-er-hij-zal-verrassen-door-zijn-formaat-maar-ook-door-zijn-prijs#respond\"]}]},{\"@type\":\"WebPage\",\"@id\":\"https:\/\/www.appleguru.nl\/blog\/de-nieuwe-mac-mini-met-m4-en-m4-pro-is-er-hij-zal-verrassen-door-zijn-formaat-maar-ook-door-zijn-prijs\",\"url\":\"https:\/\/www.appleguru.nl\/blog\/de-nieuwe-mac-mini-met-m4-en-m4-pro-is-er-hij-zal-verrassen-door-zijn-formaat-maar-ook-door-zijn-prijs\",\"name\":\"De nieuwe Mac mini met M4 en M4 Pro is er! Hij zal verrassen door zijn formaat, maar ook door zijn prijs! - AppleKing Blog\",\"isPartOf\":{\"@id\":\"https:\/\/www.appleking.cz\/blog\/#website\"},\"datePublished\":\"2024-10-31T05:28:31+00:00\",\"dateModified\":\"2024-10-30T09:39:18+00:00\",\"breadcrumb\":{\"@id\":\"https:\/\/www.appleguru.nl\/blog\/de-nieuwe-mac-mini-met-m4-en-m4-pro-is-er-hij-zal-verrassen-door-zijn-formaat-maar-ook-door-zijn-prijs#breadcrumb\"},\"inLanguage\":\"cs\",\"potentialAction\":[{\"@type\":\"ReadAction\",\"target\":[\"https:\/\/www.appleguru.nl\/blog\/de-nieuwe-mac-mini-met-m4-en-m4-pro-is-er-hij-zal-verrassen-door-zijn-formaat-maar-ook-door-zijn-prijs\"]}]},{\"@type\":\"BreadcrumbList\",\"@id\":\"https:\/\/www.appleguru.nl\/blog\/de-nieuwe-mac-mini-met-m4-en-m4-pro-is-er-hij-zal-verrassen-door-zijn-formaat-maar-ook-door-zijn-prijs#breadcrumb\",\"itemListElement\":[{\"@type\":\"ListItem\",\"position\":1,\"name\":\"Dom\u016f\",\"item\":\"https:\/\/www.appleking.cz\/blog\"},{\"@type\":\"ListItem\",\"position\":2,\"name\":\"De nieuwe Mac mini met M4 en M4 Pro is er! Hij zal verrassen door zijn formaat, maar ook door zijn prijs!\"}]},{\"@type\":\"WebSite\",\"@id\":\"https:\/\/www.appleking.cz\/blog\/#website\",\"url\":\"https:\/\/www.appleking.cz\/blog\/\",\"name\":\"AppleKing Blog\",\"description\":\"\",\"publisher\":{\"@id\":\"https:\/\/www.appleking.cz\/blog\/#organization\"},\"potentialAction\":[{\"@type\":\"SearchAction\",\"target\":{\"@type\":\"EntryPoint\",\"urlTemplate\":\"https:\/\/www.appleking.cz\/blog\/?s={search_term_string}\"},\"query-input\":\"required name=search_term_string\"}],\"inLanguage\":\"cs\"},{\"@type\":\"Organization\",\"@id\":\"https:\/\/www.appleking.cz\/blog\/#organization\",\"name\":\"AppleKing Blog\",\"url\":\"https:\/\/www.appleking.cz\/blog\/\",\"logo\":{\"@type\":\"ImageObject\",\"inLanguage\":\"cs\",\"@id\":\"https:\/\/www.appleking.cz\/blog\/#\/schema\/logo\/image\/\",\"url\":\"https:\/\/www.appleguru.nl\/blog\/wp-content\/uploads\/2017\/08\/logo.png\",\"contentUrl\":\"https:\/\/www.appleguru.nl\/blog\/wp-content\/uploads\/2017\/08\/logo.png\",\"width\":560,\"height\":148,\"caption\":\"AppleKing Blog\"},\"image\":{\"@id\":\"https:\/\/www.appleking.cz\/blog\/#\/schema\/logo\/image\/\"}},{\"@type\":\"Person\",\"@id\":\"https:\/\/www.appleking.cz\/blog\/#\/schema\/person\/1f528375f4784286be84aacc0b3b5cb7\",\"name\":\"Adam \u010euri\u010dek\",\"image\":{\"@type\":\"ImageObject\",\"inLanguage\":\"cs\",\"@id\":\"https:\/\/www.appleking.cz\/blog\/#\/schema\/person\/image\/\",\"url\":\"https:\/\/secure.gravatar.com\/avatar\/34c06fb5a04a2e6a700ec3e6ec95725f?s=96&d=mm&r=g\",\"contentUrl\":\"https:\/\/secure.gravatar.com\/avatar\/34c06fb5a04a2e6a700ec3e6ec95725f?s=96&d=mm&r=g\",\"caption\":\"Adam \u010euri\u010dek\"}}]}<\/script>\n<!-- \/ Yoast SEO plugin. -->","yoast_head_json":{"title":"De nieuwe Mac mini met M4 en M4 Pro is er! Hij zal verrassen door zijn formaat, maar ook door zijn prijs! - AppleKing Blog","robots":{"index":"index","follow":"follow","max-snippet":"max-snippet:-1","max-image-preview":"max-image-preview:large","max-video-preview":"max-video-preview:-1"},"canonical":"https:\/\/www.appleguru.nl\/blog\/de-nieuwe-mac-mini-met-m4-en-m4-pro-is-er-hij-zal-verrassen-door-zijn-formaat-maar-ook-door-zijn-prijs","og_locale":"cs_CZ","og_type":"article","og_title":"De nieuwe Mac mini met M4 en M4 Pro is er! Hij zal verrassen door zijn formaat, maar ook door zijn prijs! - AppleKing Blog","og_description":"Terwijl Apple zijn week vol Mac-nieuws voortzet, is het volgende nieuwe product dat wordt onthuld een compleet vernieuwde Mac mini desktopcomputer. Hij heeft een nieuw, Pokra\u010dovat ve \u010dten\u00ed...","og_url":"https:\/\/www.appleguru.nl\/blog\/de-nieuwe-mac-mini-met-m4-en-m4-pro-is-er-hij-zal-verrassen-door-zijn-formaat-maar-ook-door-zijn-prijs","og_site_name":"AppleKing Blog","article_published_time":"2024-10-31T05:28:31+00:00","article_modified_time":"2024-10-30T09:39:18+00:00","og_image":[{"width":1540,"height":850,"url":"https:\/\/www.appleking.cz\/blog\/wp-content\/uploads\/2024\/10\/Apple-Mac-mini-M4-Release-01.jpg","type":"image\/jpeg"}],"author":"Adam \u010euri\u010dek","twitter_card":"summary_large_image","twitter_misc":{"Napsal(a)":"Adam \u010euri\u010dek","Odhadovan\u00e1 doba \u010dten\u00ed":"5 minut"},"schema":{"@context":"https:\/\/schema.org","@graph":[{"@type":"Article","@id":"https:\/\/www.appleguru.nl\/blog\/de-nieuwe-mac-mini-met-m4-en-m4-pro-is-er-hij-zal-verrassen-door-zijn-formaat-maar-ook-door-zijn-prijs#article","isPartOf":{"@id":"https:\/\/www.appleguru.nl\/blog\/de-nieuwe-mac-mini-met-m4-en-m4-pro-is-er-hij-zal-verrassen-door-zijn-formaat-maar-ook-door-zijn-prijs"},"author":{"name":"Adam \u010euri\u010dek","@id":"https:\/\/www.appleking.cz\/blog\/#\/schema\/person\/1f528375f4784286be84aacc0b3b5cb7"},"headline":"De nieuwe Mac mini met M4 en M4 Pro is er! Hij zal verrassen door zijn formaat, maar ook door zijn prijs!","datePublished":"2024-10-31T05:28:31+00:00","dateModified":"2024-10-30T09:39:18+00:00","mainEntityOfPage":{"@id":"https:\/\/www.appleguru.nl\/blog\/de-nieuwe-mac-mini-met-m4-en-m4-pro-is-er-hij-zal-verrassen-door-zijn-formaat-maar-ook-door-zijn-prijs"},"wordCount":640,"commentCount":0,"publisher":{"@id":"https:\/\/www.appleking.cz\/blog\/#organization"},"inLanguage":"cs","potentialAction":[{"@type":"CommentAction","name":"Comment","target":["https:\/\/www.appleguru.nl\/blog\/de-nieuwe-mac-mini-met-m4-en-m4-pro-is-er-hij-zal-verrassen-door-zijn-formaat-maar-ook-door-zijn-prijs#respond"]}]},{"@type":"WebPage","@id":"https:\/\/www.appleguru.nl\/blog\/de-nieuwe-mac-mini-met-m4-en-m4-pro-is-er-hij-zal-verrassen-door-zijn-formaat-maar-ook-door-zijn-prijs","url":"https:\/\/www.appleguru.nl\/blog\/de-nieuwe-mac-mini-met-m4-en-m4-pro-is-er-hij-zal-verrassen-door-zijn-formaat-maar-ook-door-zijn-prijs","name":"De nieuwe Mac mini met M4 en M4 Pro is er! Hij zal verrassen door zijn formaat, maar ook door zijn prijs! - AppleKing Blog","isPartOf":{"@id":"https:\/\/www.appleking.cz\/blog\/#website"},"datePublished":"2024-10-31T05:28:31+00:00","dateModified":"2024-10-30T09:39:18+00:00","breadcrumb":{"@id":"https:\/\/www.appleguru.nl\/blog\/de-nieuwe-mac-mini-met-m4-en-m4-pro-is-er-hij-zal-verrassen-door-zijn-formaat-maar-ook-door-zijn-prijs#breadcrumb"},"inLanguage":"cs","potentialAction":[{"@type":"ReadAction","target":["https:\/\/www.appleguru.nl\/blog\/de-nieuwe-mac-mini-met-m4-en-m4-pro-is-er-hij-zal-verrassen-door-zijn-formaat-maar-ook-door-zijn-prijs"]}]},{"@type":"BreadcrumbList","@id":"https:\/\/www.appleguru.nl\/blog\/de-nieuwe-mac-mini-met-m4-en-m4-pro-is-er-hij-zal-verrassen-door-zijn-formaat-maar-ook-door-zijn-prijs#breadcrumb","itemListElement":[{"@type":"ListItem","position":1,"name":"Dom\u016f","item":"https:\/\/www.appleking.cz\/blog"},{"@type":"ListItem","position":2,"name":"De nieuwe Mac mini met M4 en M4 Pro is er! Hij zal verrassen door zijn formaat, maar ook door zijn prijs!"}]},{"@type":"WebSite","@id":"https:\/\/www.appleking.cz\/blog\/#website","url":"https:\/\/www.appleking.cz\/blog\/","name":"AppleKing Blog","description":"","publisher":{"@id":"https:\/\/www.appleking.cz\/blog\/#organization"},"potentialAction":[{"@type":"SearchAction","target":{"@type":"EntryPoint","urlTemplate":"https:\/\/www.appleking.cz\/blog\/?s={search_term_string}"},"query-input":"required name=search_term_string"}],"inLanguage":"cs"},{"@type":"Organization","@id":"https:\/\/www.appleking.cz\/blog\/#organization","name":"AppleKing Blog","url":"https:\/\/www.appleking.cz\/blog\/","logo":{"@type":"ImageObject","inLanguage":"cs","@id":"https:\/\/www.appleking.cz\/blog\/#\/schema\/logo\/image\/","url":"https:\/\/www.appleguru.nl\/blog\/wp-content\/uploads\/2017\/08\/logo.png","contentUrl":"https:\/\/www.appleguru.nl\/blog\/wp-content\/uploads\/2017\/08\/logo.png","width":560,"height":148,"caption":"AppleKing Blog"},"image":{"@id":"https:\/\/www.appleking.cz\/blog\/#\/schema\/logo\/image\/"}},{"@type":"Person","@id":"https:\/\/www.appleking.cz\/blog\/#\/schema\/person\/1f528375f4784286be84aacc0b3b5cb7","name":"Adam \u010euri\u010dek","image":{"@type":"ImageObject","inLanguage":"cs","@id":"https:\/\/www.appleking.cz\/blog\/#\/schema\/person\/image\/","url":"https:\/\/secure.gravatar.com\/avatar\/34c06fb5a04a2e6a700ec3e6ec95725f?s=96&d=mm&r=g","contentUrl":"https:\/\/secure.gravatar.com\/avatar\/34c06fb5a04a2e6a700ec3e6ec95725f?s=96&d=mm&r=g","caption":"Adam \u010euri\u010dek"}}]}},"jetpack_featured_media_url":"https:\/\/www.appleguru.nl\/blog\/wp-content\/uploads\/2024\/10\/Apple-Mac-mini-M4-Release-01.jpg","jetpack_shortlink":"https:\/\/wp.me\/p8ETbP-5Cf","_links":{"self":[{"href":"https:\/\/www.appleguru.nl\/blog\/wp-json\/wp\/v2\/posts\/21591"}],"collection":[{"href":"https:\/\/www.appleguru.nl\/blog\/wp-json\/wp\/v2\/posts"}],"about":[{"href":"https:\/\/www.appleguru.nl\/blog\/wp-json\/wp\/v2\/types\/post"}],"author":[{"embeddable":true,"href":"https:\/\/www.appleguru.nl\/blog\/wp-json\/wp\/v2\/users\/21716"}],"replies":[{"embeddable":true,"href":"https:\/\/www.appleguru.nl\/blog\/wp-json\/wp\/v2\/comments?post=21591"}],"version-history":[{"count":1,"href":"https:\/\/www.appleguru.nl\/blog\/wp-json\/wp\/v2\/posts\/21591\/revisions"}],"predecessor-version":[{"id":21599,"href":"https:\/\/www.appleguru.nl\/blog\/wp-json\/wp\/v2\/posts\/21591\/revisions\/21599"}],"wp:featuredmedia":[{"embeddable":true,"href":"https:\/\/www.appleguru.nl\/blog\/wp-json\/wp\/v2\/media\/21578"}],"wp:attachment":[{"href":"https:\/\/www.appleguru.nl\/blog\/wp-json\/wp\/v2\/media?parent=21591"}],"wp:term":[{"taxonomy":"category","embeddable":true,"href":"https:\/\/www.appleguru.nl\/blog\/wp-json\/wp\/v2\/categories?post=21591"},{"taxonomy":"post_tag","embeddable":true,"href":"https:\/\/www.appleguru.nl\/blog\/wp-json\/wp\/v2\/tags?post=21591"}],"curies":[{"name":"wp","href":"https:\/\/api.w.org\/{rel}","templated":true}]}}