{"id":22372,"date":"2024-12-13T12:44:19","date_gmt":"2024-12-13T11:44:19","guid":{"rendered":"https:\/\/www.appleking.cz\/blog\/?p=22372"},"modified":"2024-12-13T12:44:20","modified_gmt":"2024-12-13T11:44:20","slug":"nieuwe-ipad-pro-met-m5-chip-komt-in-herfst-2025-wat-weten-we-er-tot-nu-toe-over","status":"publish","type":"post","link":"https:\/\/www.appleguru.nl\/blog\/nieuwe-ipad-pro-met-m5-chip-komt-in-herfst-2025-wat-weten-we-er-tot-nu-toe-over","title":{"rendered":"Nieuwe iPad Pro met M5-chip komt in herfst 2025! Wat weten we er tot nu toe over?"},"content":{"rendered":"<p><a href=\"https:\/\/www.appleking.cz\/blog\/novy-ipad-pro-s-cipem-m5-prijde-na-podzim-2025-co-o-nem-zatim-vime\/m5-ipad-pro-lineup#main\" rel=\"attachment wp-att-22305\"><img data-attachment-id=\"22305\" data-permalink=\"https:\/\/www.appleking.cz\/blog\/novy-ipad-pro-s-cipem-m5-prijde-na-podzim-2025-co-o-nem-zatim-vime\/m5-ipad-pro-lineup#main\" data-orig-file=\"https:\/\/www.appleguru.nl\/blog\/wp-content\/uploads\/2024\/12\/M5-iPad-Pro-lineup.jpg\" data-orig-size=\"1920,1080\" data-comments-opened=\"1\" data-image-meta=\"{&quot;aperture&quot;:&quot;0&quot;,&quot;credit&quot;:&quot;&quot;,&quot;camera&quot;:&quot;&quot;,&quot;caption&quot;:&quot;&quot;,&quot;created_timestamp&quot;:&quot;0&quot;,&quot;copyright&quot;:&quot;&quot;,&quot;focal_length&quot;:&quot;0&quot;,&quot;iso&quot;:&quot;0&quot;,&quot;shutter_speed&quot;:&quot;0&quot;,&quot;title&quot;:&quot;&quot;,&quot;orientation&quot;:&quot;1&quot;}\" data-image-title=\"M5-iPad-Pro-lineup\" data-image-description=\"\" data-image-caption=\"\" data-medium-file=\"https:\/\/www.appleguru.nl\/blog\/wp-content\/uploads\/2024\/12\/M5-iPad-Pro-lineup-300x169.jpg\" data-large-file=\"https:\/\/www.appleguru.nl\/blog\/wp-content\/uploads\/2024\/12\/M5-iPad-Pro-lineup-1024x576.jpg\" decoding=\"async\" loading=\"lazy\" class=\"alignnone size-large wp-image-22305\" src=\"https:\/\/www.appleking.cz\/blog\/wp-content\/uploads\/2024\/12\/M5-iPad-Pro-lineup-1024x576.jpg\" alt=\"\" width=\"758\" height=\"426\" srcset=\"https:\/\/www.appleguru.nl\/blog\/wp-content\/uploads\/2024\/12\/M5-iPad-Pro-lineup-1024x576.jpg 1024w, https:\/\/www.appleguru.nl\/blog\/wp-content\/uploads\/2024\/12\/M5-iPad-Pro-lineup-300x169.jpg 300w, https:\/\/www.appleguru.nl\/blog\/wp-content\/uploads\/2024\/12\/M5-iPad-Pro-lineup-768x432.jpg 768w, https:\/\/www.appleguru.nl\/blog\/wp-content\/uploads\/2024\/12\/M5-iPad-Pro-lineup-1536x864.jpg 1536w, https:\/\/www.appleguru.nl\/blog\/wp-content\/uploads\/2024\/12\/M5-iPad-Pro-lineup.jpg 1920w\" sizes=\"(max-width: 758px) 100vw, 758px\" \/><\/a><\/p>\n<p>Apple maakt zich al op voor de volgende generatie van zijn hoogwaardige iPad Pro-tablet, die naar verwachting zal worden aangedreven door de nog te onthullen M5-chip. Volgens de bekende analist Ming-Chi Ku&nbsp;begint de massaproductie van dit model in de tweede helft van 2025 en wordt de lancering verwacht in de herfst van dat jaar. Dit tijdschema komt overeen met de traditionele updatecyclus van 18 maanden die Apple al geruime tijd hanteert voor de iPad Pro. Dus wat weten we over de aankomende iPad Pro?<\/p>\n<h1><strong>Met een krachtigere M5-chip<\/strong><\/h1>\n<p>Hoewel de iPad Pro-modellen met de M4-chip, gelanceerd in het voorjaar van 2024, grote upgrades hebben gebracht, waaronder een OLED-scherm en hogere prestaties, wordt er gespeculeerd over minder belangrijke veranderingen voor de volgende generatie. De belangrijkste nieuwe functie zal de M5-chip zijn, die naar verwachting een beter beheer van de warmteafvoer, een lager energieverbruik en betere prestaties zal bieden dankzij de nieuwe System on Integrated Chip-technologie. Dit zal naar verwachting met name taken op het gebied van kunstmatige intelligentie en gegevensverwerking ondersteunen.<\/p>\n<p><img decoding=\"async\" class=\"sFlh5c FyHeAf iPVvYb\" src=\"https:\/\/cdn.wccftech.com\/wp-content\/uploads\/2024\/07\/Apple-M5-chipset.jpg\" alt=\"Apple's M5 Could Employ TSMC's Highly-Advanced SoIC Packaging To Help Fulfill The Company's Goal Of Using The Same Chip In Macs, And AI Servers\" aria-hidden=\"false\" \/><\/p>\n<p>Het ontwerp van de iPad Pro met de M5-chip zal waarschijnlijk vergelijkbaar blijven met voorgaande modellen, aangezien Apple met de huidige generatie met de M4-chip meer ingrijpende wijzigingen in het ontwerp van de Pro-serie heeft doorgevoerd. De nadruk zal daarom vooral liggen op het optimaliseren van prestaties, apparaateffici\u00ebntie en kunstmatige intelligentie.<\/p>\n\n\n<h1><strong>Wanneer krijgen we de nieuwe iPad Pro te zien?<\/strong><\/h1>\n<p>Als Apple zich aan zijn traditie houdt, worden de nieuwe modellen in oktober of november 2025 ge\u00efntroduceerd als aanvulling op het productportfolio voor de herfst, naast de nieuwe Macs, iPhones en Apple Watch. De M5-chip zou ook moeten worden toegepast in andere apparaten zoals de MacBook Pro en iMac, wat suggereert dat 2025 een keerpunt wordt voor Apple op het gebied van hardware-innovatie.<\/p>\n<p><img decoding=\"async\" class=\"sFlh5c FyHeAf iPVvYb\" src=\"https:\/\/mezha.media\/wp-content\/uploads\/2024\/12\/iPad-Pro-M5-in-works-900x597.jpg\" alt=\"The new iPad Pro with M5 processor will debut in the fall of 2025\" aria-hidden=\"false\" \/><\/p>\n<p>Hoewel we moeten wachten op meer informatie, is het duidelijk dat Apple de grenzen van prestaties en gebruikerservaring blijft verleggen met zijn meest geavanceerde apparaten. De toekomst van de iPad Pro ziet er dus veelbelovend uit. Laten we hopen dat Apple ook het iPadOS besturingssysteem verbetert, dat vaak wordt bekritiseerd omdat het niet genoeg gebruik maakt van de hardwaremogelijkheden die krachtige iPads bieden.<\/p>\n","protected":false},"excerpt":{"rendered":"<p>Apple maakt zich al<a class=\"moretag\" href=\"https:\/\/www.appleguru.nl\/blog\/nieuwe-ipad-pro-met-m5-chip-komt-in-herfst-2025-wat-weten-we-er-tot-nu-toe-over\" data-id_post=\"22372\"> Pokra\u010dovat ve&nbsp;\u010dten\u00ed&#8230;<\/a><\/p>\n","protected":false},"author":21716,"featured_media":22305,"comment_status":"open","ping_status":"open","sticky":false,"template":"","format":"standard","meta":{"jetpack_post_was_ever_published":false,"jetpack_publicize_message":"","jetpack_is_tweetstorm":false,"jetpack_publicize_feature_enabled":true,"jetpack_social_options":[]},"categories":[3425],"tags":[],"jetpack_publicize_connections":[],"yoast_head":"<!-- This site is optimized with the Yoast SEO plugin v19.11 - https:\/\/yoast.com\/wordpress\/plugins\/seo\/ -->\n<title>Nieuwe iPad Pro met M5-chip komt in herfst 2025! Wat weten we er tot nu toe over? - AppleKing Blog<\/title>\n<meta name=\"robots\" content=\"index, follow, max-snippet:-1, max-image-preview:large, max-video-preview:-1\" \/>\n<link rel=\"canonical\" href=\"https:\/\/www.appleguru.nl\/blog\/nieuwe-ipad-pro-met-m5-chip-komt-in-herfst-2025-wat-weten-we-er-tot-nu-toe-over\" \/>\n<meta property=\"og:locale\" content=\"cs_CZ\" \/>\n<meta property=\"og:type\" content=\"article\" \/>\n<meta property=\"og:title\" content=\"Nieuwe iPad Pro met M5-chip komt in herfst 2025! Wat weten we er tot nu toe over? - AppleKing Blog\" \/>\n<meta property=\"og:description\" content=\"Apple maakt zich al op voor de volgende generatie van zijn hoogwaardige iPad Pro-tablet, die naar verwachting zal worden aangedreven door de nog te onthullen Pokra\u010dovat ve \u010dten\u00ed...\" \/>\n<meta property=\"og:url\" content=\"https:\/\/www.appleguru.nl\/blog\/nieuwe-ipad-pro-met-m5-chip-komt-in-herfst-2025-wat-weten-we-er-tot-nu-toe-over\" \/>\n<meta property=\"og:site_name\" content=\"AppleKing Blog\" \/>\n<meta property=\"article:published_time\" content=\"2024-12-13T11:44:19+00:00\" \/>\n<meta property=\"article:modified_time\" content=\"2024-12-13T11:44:20+00:00\" \/>\n<meta property=\"og:image\" content=\"https:\/\/www.appleking.cz\/blog\/wp-content\/uploads\/2024\/12\/M5-iPad-Pro-lineup.jpg\" \/>\n\t<meta property=\"og:image:width\" content=\"1920\" \/>\n\t<meta property=\"og:image:height\" content=\"1080\" \/>\n\t<meta property=\"og:image:type\" content=\"image\/jpeg\" \/>\n<meta name=\"author\" content=\"Adam \u010euri\u010dek\" \/>\n<meta name=\"twitter:card\" content=\"summary_large_image\" \/>\n<meta name=\"twitter:label1\" content=\"Napsal(a)\" \/>\n\t<meta name=\"twitter:data1\" content=\"Adam \u010euri\u010dek\" \/>\n\t<meta name=\"twitter:label2\" content=\"Odhadovan\u00e1 doba \u010dten\u00ed\" \/>\n\t<meta name=\"twitter:data2\" content=\"3 minuty\" \/>\n<script type=\"application\/ld+json\" class=\"yoast-schema-graph\">{\"@context\":\"https:\/\/schema.org\",\"@graph\":[{\"@type\":\"Article\",\"@id\":\"https:\/\/www.appleguru.nl\/blog\/nieuwe-ipad-pro-met-m5-chip-komt-in-herfst-2025-wat-weten-we-er-tot-nu-toe-over#article\",\"isPartOf\":{\"@id\":\"https:\/\/www.appleguru.nl\/blog\/nieuwe-ipad-pro-met-m5-chip-komt-in-herfst-2025-wat-weten-we-er-tot-nu-toe-over\"},\"author\":{\"name\":\"Adam \u010euri\u010dek\",\"@id\":\"https:\/\/www.appleking.cz\/blog\/#\/schema\/person\/1f528375f4784286be84aacc0b3b5cb7\"},\"headline\":\"Nieuwe iPad Pro met M5-chip komt in herfst 2025! Wat weten we er tot nu toe over?\",\"datePublished\":\"2024-12-13T11:44:19+00:00\",\"dateModified\":\"2024-12-13T11:44:20+00:00\",\"mainEntityOfPage\":{\"@id\":\"https:\/\/www.appleguru.nl\/blog\/nieuwe-ipad-pro-met-m5-chip-komt-in-herfst-2025-wat-weten-we-er-tot-nu-toe-over\"},\"wordCount\":386,\"commentCount\":0,\"publisher\":{\"@id\":\"https:\/\/www.appleking.cz\/blog\/#organization\"},\"inLanguage\":\"cs\",\"potentialAction\":[{\"@type\":\"CommentAction\",\"name\":\"Comment\",\"target\":[\"https:\/\/www.appleguru.nl\/blog\/nieuwe-ipad-pro-met-m5-chip-komt-in-herfst-2025-wat-weten-we-er-tot-nu-toe-over#respond\"]}]},{\"@type\":\"WebPage\",\"@id\":\"https:\/\/www.appleguru.nl\/blog\/nieuwe-ipad-pro-met-m5-chip-komt-in-herfst-2025-wat-weten-we-er-tot-nu-toe-over\",\"url\":\"https:\/\/www.appleguru.nl\/blog\/nieuwe-ipad-pro-met-m5-chip-komt-in-herfst-2025-wat-weten-we-er-tot-nu-toe-over\",\"name\":\"Nieuwe iPad Pro met M5-chip komt in herfst 2025! Wat weten we er tot nu toe over? - AppleKing Blog\",\"isPartOf\":{\"@id\":\"https:\/\/www.appleking.cz\/blog\/#website\"},\"datePublished\":\"2024-12-13T11:44:19+00:00\",\"dateModified\":\"2024-12-13T11:44:20+00:00\",\"breadcrumb\":{\"@id\":\"https:\/\/www.appleguru.nl\/blog\/nieuwe-ipad-pro-met-m5-chip-komt-in-herfst-2025-wat-weten-we-er-tot-nu-toe-over#breadcrumb\"},\"inLanguage\":\"cs\",\"potentialAction\":[{\"@type\":\"ReadAction\",\"target\":[\"https:\/\/www.appleguru.nl\/blog\/nieuwe-ipad-pro-met-m5-chip-komt-in-herfst-2025-wat-weten-we-er-tot-nu-toe-over\"]}]},{\"@type\":\"BreadcrumbList\",\"@id\":\"https:\/\/www.appleguru.nl\/blog\/nieuwe-ipad-pro-met-m5-chip-komt-in-herfst-2025-wat-weten-we-er-tot-nu-toe-over#breadcrumb\",\"itemListElement\":[{\"@type\":\"ListItem\",\"position\":1,\"name\":\"Dom\u016f\",\"item\":\"https:\/\/www.appleking.cz\/blog\"},{\"@type\":\"ListItem\",\"position\":2,\"name\":\"Nieuwe iPad Pro met M5-chip komt in herfst 2025! Wat weten we er tot nu toe over?\"}]},{\"@type\":\"WebSite\",\"@id\":\"https:\/\/www.appleking.cz\/blog\/#website\",\"url\":\"https:\/\/www.appleking.cz\/blog\/\",\"name\":\"AppleKing Blog\",\"description\":\"\",\"publisher\":{\"@id\":\"https:\/\/www.appleking.cz\/blog\/#organization\"},\"potentialAction\":[{\"@type\":\"SearchAction\",\"target\":{\"@type\":\"EntryPoint\",\"urlTemplate\":\"https:\/\/www.appleking.cz\/blog\/?s={search_term_string}\"},\"query-input\":\"required name=search_term_string\"}],\"inLanguage\":\"cs\"},{\"@type\":\"Organization\",\"@id\":\"https:\/\/www.appleking.cz\/blog\/#organization\",\"name\":\"AppleKing Blog\",\"url\":\"https:\/\/www.appleking.cz\/blog\/\",\"logo\":{\"@type\":\"ImageObject\",\"inLanguage\":\"cs\",\"@id\":\"https:\/\/www.appleking.cz\/blog\/#\/schema\/logo\/image\/\",\"url\":\"https:\/\/www.appleguru.nl\/blog\/wp-content\/uploads\/2017\/08\/logo.png\",\"contentUrl\":\"https:\/\/www.appleguru.nl\/blog\/wp-content\/uploads\/2017\/08\/logo.png\",\"width\":560,\"height\":148,\"caption\":\"AppleKing Blog\"},\"image\":{\"@id\":\"https:\/\/www.appleking.cz\/blog\/#\/schema\/logo\/image\/\"}},{\"@type\":\"Person\",\"@id\":\"https:\/\/www.appleking.cz\/blog\/#\/schema\/person\/1f528375f4784286be84aacc0b3b5cb7\",\"name\":\"Adam \u010euri\u010dek\",\"image\":{\"@type\":\"ImageObject\",\"inLanguage\":\"cs\",\"@id\":\"https:\/\/www.appleking.cz\/blog\/#\/schema\/person\/image\/\",\"url\":\"https:\/\/secure.gravatar.com\/avatar\/34c06fb5a04a2e6a700ec3e6ec95725f?s=96&d=mm&r=g\",\"contentUrl\":\"https:\/\/secure.gravatar.com\/avatar\/34c06fb5a04a2e6a700ec3e6ec95725f?s=96&d=mm&r=g\",\"caption\":\"Adam \u010euri\u010dek\"}}]}<\/script>\n<!-- \/ Yoast SEO plugin. -->","yoast_head_json":{"title":"Nieuwe iPad Pro met M5-chip komt in herfst 2025! Wat weten we er tot nu toe over? - AppleKing Blog","robots":{"index":"index","follow":"follow","max-snippet":"max-snippet:-1","max-image-preview":"max-image-preview:large","max-video-preview":"max-video-preview:-1"},"canonical":"https:\/\/www.appleguru.nl\/blog\/nieuwe-ipad-pro-met-m5-chip-komt-in-herfst-2025-wat-weten-we-er-tot-nu-toe-over","og_locale":"cs_CZ","og_type":"article","og_title":"Nieuwe iPad Pro met M5-chip komt in herfst 2025! Wat weten we er tot nu toe over? - AppleKing Blog","og_description":"Apple maakt zich al op voor de volgende generatie van zijn hoogwaardige iPad Pro-tablet, die naar verwachting zal worden aangedreven door de nog te onthullen Pokra\u010dovat ve \u010dten\u00ed...","og_url":"https:\/\/www.appleguru.nl\/blog\/nieuwe-ipad-pro-met-m5-chip-komt-in-herfst-2025-wat-weten-we-er-tot-nu-toe-over","og_site_name":"AppleKing Blog","article_published_time":"2024-12-13T11:44:19+00:00","article_modified_time":"2024-12-13T11:44:20+00:00","og_image":[{"width":1920,"height":1080,"url":"https:\/\/www.appleking.cz\/blog\/wp-content\/uploads\/2024\/12\/M5-iPad-Pro-lineup.jpg","type":"image\/jpeg"}],"author":"Adam \u010euri\u010dek","twitter_card":"summary_large_image","twitter_misc":{"Napsal(a)":"Adam \u010euri\u010dek","Odhadovan\u00e1 doba \u010dten\u00ed":"3 minuty"},"schema":{"@context":"https:\/\/schema.org","@graph":[{"@type":"Article","@id":"https:\/\/www.appleguru.nl\/blog\/nieuwe-ipad-pro-met-m5-chip-komt-in-herfst-2025-wat-weten-we-er-tot-nu-toe-over#article","isPartOf":{"@id":"https:\/\/www.appleguru.nl\/blog\/nieuwe-ipad-pro-met-m5-chip-komt-in-herfst-2025-wat-weten-we-er-tot-nu-toe-over"},"author":{"name":"Adam \u010euri\u010dek","@id":"https:\/\/www.appleking.cz\/blog\/#\/schema\/person\/1f528375f4784286be84aacc0b3b5cb7"},"headline":"Nieuwe iPad Pro met M5-chip komt in herfst 2025! Wat weten we er tot nu toe over?","datePublished":"2024-12-13T11:44:19+00:00","dateModified":"2024-12-13T11:44:20+00:00","mainEntityOfPage":{"@id":"https:\/\/www.appleguru.nl\/blog\/nieuwe-ipad-pro-met-m5-chip-komt-in-herfst-2025-wat-weten-we-er-tot-nu-toe-over"},"wordCount":386,"commentCount":0,"publisher":{"@id":"https:\/\/www.appleking.cz\/blog\/#organization"},"inLanguage":"cs","potentialAction":[{"@type":"CommentAction","name":"Comment","target":["https:\/\/www.appleguru.nl\/blog\/nieuwe-ipad-pro-met-m5-chip-komt-in-herfst-2025-wat-weten-we-er-tot-nu-toe-over#respond"]}]},{"@type":"WebPage","@id":"https:\/\/www.appleguru.nl\/blog\/nieuwe-ipad-pro-met-m5-chip-komt-in-herfst-2025-wat-weten-we-er-tot-nu-toe-over","url":"https:\/\/www.appleguru.nl\/blog\/nieuwe-ipad-pro-met-m5-chip-komt-in-herfst-2025-wat-weten-we-er-tot-nu-toe-over","name":"Nieuwe iPad Pro met M5-chip komt in herfst 2025! Wat weten we er tot nu toe over? - AppleKing Blog","isPartOf":{"@id":"https:\/\/www.appleking.cz\/blog\/#website"},"datePublished":"2024-12-13T11:44:19+00:00","dateModified":"2024-12-13T11:44:20+00:00","breadcrumb":{"@id":"https:\/\/www.appleguru.nl\/blog\/nieuwe-ipad-pro-met-m5-chip-komt-in-herfst-2025-wat-weten-we-er-tot-nu-toe-over#breadcrumb"},"inLanguage":"cs","potentialAction":[{"@type":"ReadAction","target":["https:\/\/www.appleguru.nl\/blog\/nieuwe-ipad-pro-met-m5-chip-komt-in-herfst-2025-wat-weten-we-er-tot-nu-toe-over"]}]},{"@type":"BreadcrumbList","@id":"https:\/\/www.appleguru.nl\/blog\/nieuwe-ipad-pro-met-m5-chip-komt-in-herfst-2025-wat-weten-we-er-tot-nu-toe-over#breadcrumb","itemListElement":[{"@type":"ListItem","position":1,"name":"Dom\u016f","item":"https:\/\/www.appleking.cz\/blog"},{"@type":"ListItem","position":2,"name":"Nieuwe iPad Pro met M5-chip komt in herfst 2025! Wat weten we er tot nu toe over?"}]},{"@type":"WebSite","@id":"https:\/\/www.appleking.cz\/blog\/#website","url":"https:\/\/www.appleking.cz\/blog\/","name":"AppleKing Blog","description":"","publisher":{"@id":"https:\/\/www.appleking.cz\/blog\/#organization"},"potentialAction":[{"@type":"SearchAction","target":{"@type":"EntryPoint","urlTemplate":"https:\/\/www.appleking.cz\/blog\/?s={search_term_string}"},"query-input":"required name=search_term_string"}],"inLanguage":"cs"},{"@type":"Organization","@id":"https:\/\/www.appleking.cz\/blog\/#organization","name":"AppleKing Blog","url":"https:\/\/www.appleking.cz\/blog\/","logo":{"@type":"ImageObject","inLanguage":"cs","@id":"https:\/\/www.appleking.cz\/blog\/#\/schema\/logo\/image\/","url":"https:\/\/www.appleguru.nl\/blog\/wp-content\/uploads\/2017\/08\/logo.png","contentUrl":"https:\/\/www.appleguru.nl\/blog\/wp-content\/uploads\/2017\/08\/logo.png","width":560,"height":148,"caption":"AppleKing Blog"},"image":{"@id":"https:\/\/www.appleking.cz\/blog\/#\/schema\/logo\/image\/"}},{"@type":"Person","@id":"https:\/\/www.appleking.cz\/blog\/#\/schema\/person\/1f528375f4784286be84aacc0b3b5cb7","name":"Adam \u010euri\u010dek","image":{"@type":"ImageObject","inLanguage":"cs","@id":"https:\/\/www.appleking.cz\/blog\/#\/schema\/person\/image\/","url":"https:\/\/secure.gravatar.com\/avatar\/34c06fb5a04a2e6a700ec3e6ec95725f?s=96&d=mm&r=g","contentUrl":"https:\/\/secure.gravatar.com\/avatar\/34c06fb5a04a2e6a700ec3e6ec95725f?s=96&d=mm&r=g","caption":"Adam \u010euri\u010dek"}}]}},"jetpack_featured_media_url":"https:\/\/www.appleguru.nl\/blog\/wp-content\/uploads\/2024\/12\/M5-iPad-Pro-lineup.jpg","jetpack_shortlink":"https:\/\/wp.me\/p8ETbP-5OQ","_links":{"self":[{"href":"https:\/\/www.appleguru.nl\/blog\/wp-json\/wp\/v2\/posts\/22372"}],"collection":[{"href":"https:\/\/www.appleguru.nl\/blog\/wp-json\/wp\/v2\/posts"}],"about":[{"href":"https:\/\/www.appleguru.nl\/blog\/wp-json\/wp\/v2\/types\/post"}],"author":[{"embeddable":true,"href":"https:\/\/www.appleguru.nl\/blog\/wp-json\/wp\/v2\/users\/21716"}],"replies":[{"embeddable":true,"href":"https:\/\/www.appleguru.nl\/blog\/wp-json\/wp\/v2\/comments?post=22372"}],"version-history":[{"count":2,"href":"https:\/\/www.appleguru.nl\/blog\/wp-json\/wp\/v2\/posts\/22372\/revisions"}],"predecessor-version":[{"id":22388,"href":"https:\/\/www.appleguru.nl\/blog\/wp-json\/wp\/v2\/posts\/22372\/revisions\/22388"}],"wp:featuredmedia":[{"embeddable":true,"href":"https:\/\/www.appleguru.nl\/blog\/wp-json\/wp\/v2\/media\/22305"}],"wp:attachment":[{"href":"https:\/\/www.appleguru.nl\/blog\/wp-json\/wp\/v2\/media?parent=22372"}],"wp:term":[{"taxonomy":"category","embeddable":true,"href":"https:\/\/www.appleguru.nl\/blog\/wp-json\/wp\/v2\/categories?post=22372"},{"taxonomy":"post_tag","embeddable":true,"href":"https:\/\/www.appleguru.nl\/blog\/wp-json\/wp\/v2\/tags?post=22372"}],"curies":[{"name":"wp","href":"https:\/\/api.w.org\/{rel}","templated":true}]}}